{"id":901,"date":"2012-06-20T20:57:24","date_gmt":"2012-06-20T19:57:24","guid":{"rendered":"http:\/\/tobiasherrmann.com\/blog\/?p=901"},"modified":"2012-06-20T20:57:24","modified_gmt":"2012-06-20T19:57:24","slug":"mercedes-benz-fashion-week-berlin-2012","status":"publish","type":"post","link":"https:\/\/tobiasherrmann.com\/blog\/index.php\/2012\/mercedes-benz-fashion-week-berlin-2012\/","title":{"rendered":"Mercedes-Benz Fashion Week Berlin 2012"},"content":{"rendered":"<p><img loading=\"lazy\" decoding=\"async\" class=\"alignnone size-full wp-image-904\" title=\"\" src=\"http:\/\/tobiasherrmann.com\/blog\/wp-content\/MBFWB_pic12.jpg\" alt=\"MBFWB A\/W 2012\" width=\"610\" height=\"365\" srcset=\"https:\/\/tobiasherrmann.com\/blog\/wp-content\/MBFWB_pic12.jpg 610w, https:\/\/tobiasherrmann.com\/blog\/wp-content\/MBFWB_pic12-128x76.jpg 128w, https:\/\/tobiasherrmann.com\/blog\/wp-content\/MBFWB_pic12-300x179.jpg 300w\" sizes=\"auto, (max-width: 610px) 100vw, 610px\" \/><\/p>\n<p>In der Zeit vom 03. bis 08. Juli ist in Berlin wieder Fashion Week. Die Gro\u00dfen und Kleinen aus der nationalen und internationalen Modewelt lassen unz\u00e4hlige Models in zahlreichen Shows auf die Laufstege los. Parallel l\u00e4uft die Fachmesse Bread &amp; Butter auf dem Gel\u00e4nde vom ehemaligen Flughafen Tempelhof. Interessant sind zudem die offenen Showrooms der Designer. Eine sehr hilfreiche \u00dcbersicht f\u00fcr alle Veranstaltungen findet ihr <a title=\"Fashion-Week-Berlin\" href=\"http:\/\/www.fashion-week-berlin.com\/de\/veranstaltungen\/all\/#events-per-day\/\" target=\"_blank\">hier<\/a>.<\/p>\n<p>Ich werde diesmal auf jeden Fall bei mehreren Shows vorbeischauen und hoffentlich ein paar Fotos machen k\u00f6nnen. Worauf ich mich auch schon sehr freue, und viele Bekannte wiedertreffen werde, ist die Show von dyn am 04. Juli.<\/p>\n<p>Zur offiziellen Website geht es \u00fcbrigens <a title=\"MBF Fashionweek Official\" href=\"http:\/\/www.mbfashionweek.com\/\" target=\"_blank\">hier entlang<\/a>, das Magazin k\u00f6nnt ihr euch als <a title=\"Fashionweek Magazin\" href=\"http:\/\/www.berlin-fashionweek.de\/\" target=\"_blank\">E-Paper hier herunterladen<\/a>. Viel Spa\u00df!<\/p>\n","protected":false},"excerpt":{"rendered":"<p>In der Zeit vom 03. bis 08. Juli ist in Berlin wieder Fashion Week. Die Gro\u00dfen und Kleinen aus der nationalen und internationalen Modewelt lassen unz\u00e4hlige Models in zahlreichen Shows auf die Laufstege los. Parallel l\u00e4uft die Fachmesse Bread &amp; Butter auf dem Gel\u00e4nde vom ehemaligen Flughafen Tempelhof. Interessant sind zudem die offenen Showrooms der &hellip; <a href=\"https:\/\/tobiasherrmann.com\/blog\/index.php\/2012\/mercedes-benz-fashion-week-berlin-2012\/\" class=\"more-link\"><span class=\"screen-reader-text\">Mercedes-Benz Fashion Week Berlin 2012<\/span> weiterlesen<\/a><\/p>\n","protected":false},"author":1,"featured_media":0,"comment_status":"open","ping_status":"open","sticky":false,"template":"","format":"standard","meta":{"footnotes":""},"categories":[4],"tags":[209,113],"class_list":["post-901","post","type-post","status-publish","format-standard","hentry","category-berlin","tag-berlin","tag-fashion-week"],"_links":{"self":[{"href":"https:\/\/tobiasherrmann.com\/blog\/index.php\/wp-json\/wp\/v2\/posts\/901","targetHints":{"allow":["GET"]}}],"collection":[{"href":"https:\/\/tobiasherrmann.com\/blog\/index.php\/wp-json\/wp\/v2\/posts"}],"about":[{"href":"https:\/\/tobiasherrmann.com\/blog\/index.php\/wp-json\/wp\/v2\/types\/post"}],"author":[{"embeddable":true,"href":"https:\/\/tobiasherrmann.com\/blog\/index.php\/wp-json\/wp\/v2\/users\/1"}],"replies":[{"embeddable":true,"href":"https:\/\/tobiasherrmann.com\/blog\/index.php\/wp-json\/wp\/v2\/comments?post=901"}],"version-history":[{"count":4,"href":"https:\/\/tobiasherrmann.com\/blog\/index.php\/wp-json\/wp\/v2\/posts\/901\/revisions"}],"predecessor-version":[{"id":906,"href":"https:\/\/tobiasherrmann.com\/blog\/index.php\/wp-json\/wp\/v2\/posts\/901\/revisions\/906"}],"wp:attachment":[{"href":"https:\/\/tobiasherrmann.com\/blog\/index.php\/wp-json\/wp\/v2\/media?parent=901"}],"wp:term":[{"taxonomy":"category","embeddable":true,"href":"https:\/\/tobiasherrmann.com\/blog\/index.php\/wp-json\/wp\/v2\/categories?post=901"},{"taxonomy":"post_tag","embeddable":true,"href":"https:\/\/tobiasherrmann.com\/blog\/index.php\/wp-json\/wp\/v2\/tags?post=901"}],"curies":[{"name":"wp","href":"https:\/\/api.w.org\/{rel}","templated":true}]}}