{"id":324,"date":"2011-05-22T18:27:44","date_gmt":"2011-05-22T17:27:44","guid":{"rendered":"http:\/\/tobiasherrmann.com\/blog\/?p=324"},"modified":"2011-05-22T18:27:44","modified_gmt":"2011-05-22T17:27:44","slug":"meine-kleine-mallorca-reise","status":"publish","type":"post","link":"https:\/\/tobiasherrmann.com\/blog\/index.php\/2011\/meine-kleine-mallorca-reise\/","title":{"rendered":"Meine kleine Mallorca-Reise"},"content":{"rendered":"<p>Ich war ja bisher noch nie im 17. Bundesland, kann nun aber vollkommen nachvollziehen, warum es f\u00fcr so viele Leute eine der sch\u00f6nsten Inseln der Welt ist! Anfang April ging es f\u00fcr f\u00fcnf Tage nach Mallorca &#8211; mit einer kurzen Zwischenlandung in Madrid. Ich muss sagen, ich bin wirklich begeistert von der Landschaft und der Vielf\u00e4ltigkeit sowie auch der Architektur gewesen. Ein paar Fotos habe ich nat\u00fcrlich auch gemacht und m\u00f6chte sie euch nicht vorenthalten:<\/p>\n<p><a title=\"Chillen in Pollenca\" href=\"http:\/\/tobiasherrmann.com\/blog\/wp-content\/malle01.jpg\"><img loading=\"lazy\" decoding=\"async\" class=\"alignnone size-thumbnail wp-image-325\" src=\"http:\/\/tobiasherrmann.com\/blog\/wp-content\/malle01-85x128.jpg\" alt=\"Chillen in Pollenca\" width=\"85\" height=\"128\" srcset=\"https:\/\/tobiasherrmann.com\/blog\/wp-content\/malle01-85x128.jpg 85w, https:\/\/tobiasherrmann.com\/blog\/wp-content\/malle01-200x300.jpg 200w, https:\/\/tobiasherrmann.com\/blog\/wp-content\/malle01.jpg 367w\" sizes=\"auto, (max-width: 85px) 100vw, 85px\" \/><\/a><a title=\"H\u00e4user in Fornalutx\" href=\"http:\/\/tobiasherrmann.com\/blog\/wp-content\/malle06.jpg\"><img loading=\"lazy\" decoding=\"async\" class=\"alignnone size-thumbnail wp-image-332\" style=\"margin-left: 12px; margin-right: 12px;\" src=\"http:\/\/tobiasherrmann.com\/blog\/wp-content\/malle06-85x128.jpg\" alt=\"H\u00e4user in Fornalutx\" width=\"85\" height=\"128\" srcset=\"https:\/\/tobiasherrmann.com\/blog\/wp-content\/malle06-85x128.jpg 85w, https:\/\/tobiasherrmann.com\/blog\/wp-content\/malle06-200x300.jpg 200w, https:\/\/tobiasherrmann.com\/blog\/wp-content\/malle06.jpg 367w\" sizes=\"auto, (max-width: 85px) 100vw, 85px\" \/><\/a><a title=\"Michi blickt aufs Meer\" href=\"http:\/\/tobiasherrmann.com\/blog\/wp-content\/malle05.jpg\"><img loading=\"lazy\" decoding=\"async\" class=\"alignnone size-thumbnail wp-image-330\" src=\"http:\/\/tobiasherrmann.com\/blog\/wp-content\/malle05-84x128.jpg\" alt=\"Michi blickt aufs Meer\" width=\"84\" height=\"128\" srcset=\"https:\/\/tobiasherrmann.com\/blog\/wp-content\/malle05-84x128.jpg 84w, https:\/\/tobiasherrmann.com\/blog\/wp-content\/malle05-199x300.jpg 199w, https:\/\/tobiasherrmann.com\/blog\/wp-content\/malle05.jpg 365w\" sizes=\"auto, (max-width: 84px) 100vw, 84px\" \/><\/a><a title=\"Wurscht (Palma)\" href=\"http:\/\/tobiasherrmann.com\/blog\/wp-content\/malle09.jpg\"><img loading=\"lazy\" decoding=\"async\" class=\"alignnone size-thumbnail wp-image-335\" style=\"margin-left: 12px; margin-right: 12px;\" src=\"http:\/\/tobiasherrmann.com\/blog\/wp-content\/malle09-85x128.jpg\" alt=\"Wurscht (Palma)\" width=\"85\" height=\"128\" srcset=\"https:\/\/tobiasherrmann.com\/blog\/wp-content\/malle09-85x128.jpg 85w, https:\/\/tobiasherrmann.com\/blog\/wp-content\/malle09-201x300.jpg 201w, https:\/\/tobiasherrmann.com\/blog\/wp-content\/malle09.jpg 369w\" sizes=\"auto, (max-width: 85px) 100vw, 85px\" \/><\/a><a title=\"Tobi in Fornalutx\" href=\"http:\/\/tobiasherrmann.com\/blog\/wp-content\/malle07.jpg\"><img loading=\"lazy\" decoding=\"async\" class=\"alignnone size-thumbnail wp-image-333\" src=\"http:\/\/tobiasherrmann.com\/blog\/wp-content\/malle07-85x128.jpg\" alt=\"Tobi in Fornalutx\" width=\"85\" height=\"128\" srcset=\"https:\/\/tobiasherrmann.com\/blog\/wp-content\/malle07-85x128.jpg 85w, https:\/\/tobiasherrmann.com\/blog\/wp-content\/malle07-200x300.jpg 200w, https:\/\/tobiasherrmann.com\/blog\/wp-content\/malle07.jpg 367w\" sizes=\"auto, (max-width: 85px) 100vw, 85px\" \/><\/a><a title=\"Inca bei Nacht\" href=\"http:\/\/tobiasherrmann.com\/blog\/wp-content\/malle12.jpg\"><img loading=\"lazy\" decoding=\"async\" class=\"alignnone size-thumbnail wp-image-337\" style=\"margin-left: 12px; margin-right: 12px;\" src=\"http:\/\/tobiasherrmann.com\/blog\/wp-content\/malle12-86x128.jpg\" alt=\"Inca bei Nacht\" width=\"86\" height=\"128\" srcset=\"https:\/\/tobiasherrmann.com\/blog\/wp-content\/malle12-86x128.jpg 86w, https:\/\/tobiasherrmann.com\/blog\/wp-content\/malle12-203x300.jpg 203w, https:\/\/tobiasherrmann.com\/blog\/wp-content\/malle12.jpg 373w\" sizes=\"auto, (max-width: 86px) 100vw, 86px\" \/><\/a><\/p>\n<p><a title=\"Unsere Finca\" href=\"http:\/\/tobiasherrmann.com\/blog\/wp-content\/malle02.jpg\"><img loading=\"lazy\" decoding=\"async\" class=\"alignnone size-thumbnail wp-image-326\" src=\"http:\/\/tobiasherrmann.com\/blog\/wp-content\/malle02-128x85.jpg\" alt=\"Die Finca\" width=\"128\" height=\"85\" srcset=\"https:\/\/tobiasherrmann.com\/blog\/wp-content\/malle02-128x85.jpg 128w, https:\/\/tobiasherrmann.com\/blog\/wp-content\/malle02-300x200.jpg 300w, https:\/\/tobiasherrmann.com\/blog\/wp-content\/malle02.jpg 600w\" sizes=\"auto, (max-width: 128px) 100vw, 128px\" \/><\/a><a title=\"Altes Bad (Name leider entfallen)\" href=\"http:\/\/tobiasherrmann.com\/blog\/wp-content\/malle11.jpg\"><img loading=\"lazy\" decoding=\"async\" class=\"alignnone size-thumbnail wp-image-339\" style=\"margin-left: 12px; margin-right: 12px;\" src=\"http:\/\/tobiasherrmann.com\/blog\/wp-content\/malle11-128x84.jpg\" alt=\"Altes Bad (Name leider entfallen)\" width=\"128\" height=\"84\" srcset=\"https:\/\/tobiasherrmann.com\/blog\/wp-content\/malle11-128x84.jpg 128w, https:\/\/tobiasherrmann.com\/blog\/wp-content\/malle11-300x199.jpg 300w, https:\/\/tobiasherrmann.com\/blog\/wp-content\/malle11.jpg 600w\" sizes=\"auto, (max-width: 128px) 100vw, 128px\" \/><\/a><a title=\"Cap de Formentor\" href=\"http:\/\/tobiasherrmann.com\/blog\/wp-content\/malle08.jpg\"><img loading=\"lazy\" decoding=\"async\" class=\"alignnone size-thumbnail wp-image-334\" src=\"http:\/\/tobiasherrmann.com\/blog\/wp-content\/malle08-128x85.jpg\" alt=\"Cap de Formentor\" width=\"128\" height=\"85\" srcset=\"https:\/\/tobiasherrmann.com\/blog\/wp-content\/malle08-128x85.jpg 128w, https:\/\/tobiasherrmann.com\/blog\/wp-content\/malle08-300x200.jpg 300w, https:\/\/tobiasherrmann.com\/blog\/wp-content\/malle08.jpg 600w\" sizes=\"auto, (max-width: 128px) 100vw, 128px\" \/><\/a><a title=\"Nahe Cap de Formentor\" href=\"http:\/\/tobiasherrmann.com\/blog\/wp-content\/malle10.jpg\"><img loading=\"lazy\" decoding=\"async\" class=\"alignnone size-thumbnail wp-image-336\" style=\"margin-left: 12px; margin-right: 12px;\" src=\"http:\/\/tobiasherrmann.com\/blog\/wp-content\/malle10-128x81.jpg\" alt=\"Nahe Cap de Formentor\" width=\"128\" height=\"81\" srcset=\"https:\/\/tobiasherrmann.com\/blog\/wp-content\/malle10-128x81.jpg 128w, https:\/\/tobiasherrmann.com\/blog\/wp-content\/malle10-300x192.jpg 300w, https:\/\/tobiasherrmann.com\/blog\/wp-content\/malle10.jpg 600w\" sizes=\"auto, (max-width: 128px) 100vw, 128px\" \/><\/a><\/p>\n<p>&nbsp;<\/p>\n","protected":false},"excerpt":{"rendered":"<p>Ich war ja bisher noch nie im 17. Bundesland, kann nun aber vollkommen nachvollziehen, warum es f\u00fcr so viele Leute eine der sch\u00f6nsten Inseln der Welt ist! Anfang April ging es f\u00fcr f\u00fcnf Tage nach Mallorca &#8211; mit einer kurzen Zwischenlandung in Madrid. Ich muss sagen, ich bin wirklich begeistert von der Landschaft und der &hellip; <a href=\"https:\/\/tobiasherrmann.com\/blog\/index.php\/2011\/meine-kleine-mallorca-reise\/\" class=\"more-link\"><span class=\"screen-reader-text\">Meine kleine Mallorca-Reise<\/span> weiterlesen<\/a><\/p>\n","protected":false},"author":1,"featured_media":0,"comment_status":"open","ping_status":"open","sticky":false,"template":"","format":"standard","meta":{"footnotes":""},"categories":[3],"tags":[7,82,80,83,81],"class_list":["post-324","post","type-post","status-publish","format-standard","hentry","category-fototour","tag-fotos","tag-landschaft","tag-mallorca","tag-meer","tag-urlaub"],"_links":{"self":[{"href":"https:\/\/tobiasherrmann.com\/blog\/index.php\/wp-json\/wp\/v2\/posts\/324","targetHints":{"allow":["GET"]}}],"collection":[{"href":"https:\/\/tobiasherrmann.com\/blog\/index.php\/wp-json\/wp\/v2\/posts"}],"about":[{"href":"https:\/\/tobiasherrmann.com\/blog\/index.php\/wp-json\/wp\/v2\/types\/post"}],"author":[{"embeddable":true,"href":"https:\/\/tobiasherrmann.com\/blog\/index.php\/wp-json\/wp\/v2\/users\/1"}],"replies":[{"embeddable":true,"href":"https:\/\/tobiasherrmann.com\/blog\/index.php\/wp-json\/wp\/v2\/comments?post=324"}],"version-history":[{"count":8,"href":"https:\/\/tobiasherrmann.com\/blog\/index.php\/wp-json\/wp\/v2\/posts\/324\/revisions"}],"predecessor-version":[{"id":344,"href":"https:\/\/tobiasherrmann.com\/blog\/index.php\/wp-json\/wp\/v2\/posts\/324\/revisions\/344"}],"wp:attachment":[{"href":"https:\/\/tobiasherrmann.com\/blog\/index.php\/wp-json\/wp\/v2\/media?parent=324"}],"wp:term":[{"taxonomy":"category","embeddable":true,"href":"https:\/\/tobiasherrmann.com\/blog\/index.php\/wp-json\/wp\/v2\/categories?post=324"},{"taxonomy":"post_tag","embeddable":true,"href":"https:\/\/tobiasherrmann.com\/blog\/index.php\/wp-json\/wp\/v2\/tags?post=324"}],"curies":[{"name":"wp","href":"https:\/\/api.w.org\/{rel}","templated":true}]}}