{"id":290,"date":"2011-03-18T19:49:58","date_gmt":"2011-03-18T18:49:58","guid":{"rendered":"http:\/\/tobiasherrmann.com\/blog\/?p=290"},"modified":"2011-03-18T19:49:58","modified_gmt":"2011-03-18T18:49:58","slug":"facebook-seiten-ab-sofort-mit-iframes","status":"publish","type":"post","link":"https:\/\/tobiasherrmann.com\/blog\/index.php\/2011\/facebook-seiten-ab-sofort-mit-iframes\/","title":{"rendered":"Facebook-Seiten ab sofort mit iFrames"},"content":{"rendered":"<p>Facebook k\u00fcndigte zwar an, dass Seiten ab dem 11. M\u00e4rz 2011 <a href=\"http:\/\/developers.facebook.com\/blog\/post\/462\/\">kein Static FBML mehr als Anwendung hinzuf\u00fcgen<\/a> k\u00f6nnen, bis heute geht das allerdings noch. Fakt ist, in den n\u00e4chsten Tagen, Wochen oder wie auch immer die Entwickler bei Facebook gerade lustig sind wird die Unterst\u00fctzung f\u00fcr Static FBML eingestellt. Das hei\u00dft im Klartext, dass die individuell gestalteten Tabs nicht mehr m\u00f6glich sind. &#8230;Oder?<\/p>\n<p><img loading=\"lazy\" decoding=\"async\" class=\"alignnone size-full wp-image-291\" src=\"http:\/\/tobiasherrmann.com\/blog\/wp-content\/statfbml.jpg\" alt=\"Static FBML no more\" width=\"448\" height=\"195\" srcset=\"https:\/\/tobiasherrmann.com\/blog\/wp-content\/statfbml.jpg 448w, https:\/\/tobiasherrmann.com\/blog\/wp-content\/statfbml-128x55.jpg 128w, https:\/\/tobiasherrmann.com\/blog\/wp-content\/statfbml-300x130.jpg 300w\" sizes=\"auto, (max-width: 448px) 100vw, 448px\" \/><\/p>\n<h3>iFrames werden ab sofort unterst\u00fctzt<\/h3>\n<p>Wonach die Entwickler und Seiten-Ersteller sich schon lange gesehnt haben, war die Einbindung von iFrames in ihre Fanseiten. Dies war von Facebook bisher verschm\u00e4ht worden, sah man darin ein zu gro\u00dfes Sicherheitsrisiko. Mit neuer Technologie ausgestattet kann Facebook nun eine Pr\u00fcfung an den iFrames vornehmen, um auf Nummer sicher zu gehen. Performancem\u00e4\u00dfig verbessert sich f\u00fcr Facebook mit den iFrames nat\u00fcrlich auch einiges, da die eingebundenen Inhalte auf dem Server des Seiteninhabers liegen m\u00fcssen und nicht mehr bei Facebook selbst. Und f\u00fcr den Seitenadministrator ergeben sich einige neue M\u00f6glichkeiten, da beispielsweise JavaScript oder auch Youtube-Videos nun wie beim normalen HTML eingebunden werden k\u00f6nnen.<\/p>\n<p>Da nun alle Seiten auch das neue Design aufgedr\u00fcckt bekommen haben, wird es Zeit, sich von den bisherigen FBML-Anwendungen zu verabschieden und die iFrame App zu nutzen, bzw. sich eine eigene App zu basteln. In meinem morgigen Post werde ich euch in einem Tutorial erkl\u00e4ren, wie man das am besten bewerkstelligt.<\/p>\n","protected":false},"excerpt":{"rendered":"<p>Facebook k\u00fcndigte zwar an, dass Seiten ab dem 11. M\u00e4rz 2011 kein Static FBML mehr als Anwendung hinzuf\u00fcgen k\u00f6nnen, bis heute geht das allerdings noch. Fakt ist, in den n\u00e4chsten Tagen, Wochen oder wie auch immer die Entwickler bei Facebook gerade lustig sind wird die Unterst\u00fctzung f\u00fcr Static FBML eingestellt. Das hei\u00dft im Klartext, dass &hellip; <a href=\"https:\/\/tobiasherrmann.com\/blog\/index.php\/2011\/facebook-seiten-ab-sofort-mit-iframes\/\" class=\"more-link\"><span class=\"screen-reader-text\">Facebook-Seiten ab sofort mit iFrames<\/span> weiterlesen<\/a><\/p>\n","protected":false},"author":1,"featured_media":0,"comment_status":"open","ping_status":"open","sticky":false,"template":"","format":"standard","meta":{"footnotes":""},"categories":[6],"tags":[73,74],"class_list":["post-290","post","type-post","status-publish","format-standard","hentry","category-web","tag-facebook","tag-iframe"],"_links":{"self":[{"href":"https:\/\/tobiasherrmann.com\/blog\/index.php\/wp-json\/wp\/v2\/posts\/290","targetHints":{"allow":["GET"]}}],"collection":[{"href":"https:\/\/tobiasherrmann.com\/blog\/index.php\/wp-json\/wp\/v2\/posts"}],"about":[{"href":"https:\/\/tobiasherrmann.com\/blog\/index.php\/wp-json\/wp\/v2\/types\/post"}],"author":[{"embeddable":true,"href":"https:\/\/tobiasherrmann.com\/blog\/index.php\/wp-json\/wp\/v2\/users\/1"}],"replies":[{"embeddable":true,"href":"https:\/\/tobiasherrmann.com\/blog\/index.php\/wp-json\/wp\/v2\/comments?post=290"}],"version-history":[{"count":3,"href":"https:\/\/tobiasherrmann.com\/blog\/index.php\/wp-json\/wp\/v2\/posts\/290\/revisions"}],"predecessor-version":[{"id":294,"href":"https:\/\/tobiasherrmann.com\/blog\/index.php\/wp-json\/wp\/v2\/posts\/290\/revisions\/294"}],"wp:attachment":[{"href":"https:\/\/tobiasherrmann.com\/blog\/index.php\/wp-json\/wp\/v2\/media?parent=290"}],"wp:term":[{"taxonomy":"category","embeddable":true,"href":"https:\/\/tobiasherrmann.com\/blog\/index.php\/wp-json\/wp\/v2\/categories?post=290"},{"taxonomy":"post_tag","embeddable":true,"href":"https:\/\/tobiasherrmann.com\/blog\/index.php\/wp-json\/wp\/v2\/tags?post=290"}],"curies":[{"name":"wp","href":"https:\/\/api.w.org\/{rel}","templated":true}]}}